{"id":4917,"global_id":"www.degren.eu?id=4917","global_id_lineage":["www.degren.eu?id=4917"],"author":"6","status":"publish","date":"2020-09-25 10:52:50","date_utc":"2020-09-25 08:52:50","modified":"2020-10-14 13:47:07","modified_utc":"2020-10-14 11:47:07","url":"http:\/\/www.degren.eu\/?tribe_events=ecodiseno-en-envase-disena-para-prevenir-y-reciclar-3&lang=en","rest_url":"http:\/\/www.degren.eu\/index.php?rest_route=\/tribe\/events\/v1\/events\/4917","title":"ECODISE\u00d1O en envase: Dise\u00f1a para prevenir y reciclar","description":"<h2><span style=\"font-size: 26pt;\">ECODISE\u00d1O en envase: Dise\u00f1a para prevenir y reciclar<\/span><\/h2>\n<p align=\"justify\"><b>FECHA Y HORA: 20 de octubre de 2020 \u2013 17:00 h.<\/b><br \/>\nEvento online via ZOOM<\/p>\n<p align=\"justify\">El ecodise\u00f1o puede jugar un importante rol en el proceso de dise\u00f1o de un envase. La utilizaci\u00f3n de una menor cantidad de materia prima, un dise\u00f1o optimizado para log\u00edstica y distribuci\u00f3n o un dise\u00f1o orientado para un f\u00e1cil reciclaje son algunas de las estrategias que pueden convertir el ecodise\u00f1o en el envase, en una herramienta para la mejora de la competitividad de las empresas.<br \/>\nEn este taller se tratar\u00e1:<\/p>\n<ul>\n<li>El impulso de la eficacia de las medidas de ecodise\u00f1o y la evaluaci\u00f3n de los planes de prevenci\u00f3n y las medidas implantadas.<\/li>\n<li>La b\u00fasqueda de nuevos materiales sostenibles, as\u00ed como la introducci\u00f3n de materiales reciclados en los procesos de producci\u00f3n que permitan reducir la huella ambiental de los envases.<\/li>\n<li>El fomento de la reciclabilidad de los nuevos envases que se ponen en el mercado.<\/li>\n<li>La responsabilidad tanto de las empresas a la hora de producir como de los ciudadanos a la hora de decantarse por productos con envases m\u00e1s sostenibles mediante la promoci\u00f3n del consumo responsable.<\/li>\n<li>La validaci\u00f3n del dise\u00f1o integral del envase (reciclabilidad, sostenibilidad, inteligencia\u2026) y su impacto sobre el ciudadano (experiencia de usuario, ecoetiquetado&#8230;).<\/li>\n<\/ul>\n<p>Este taller estar\u00e1 a cargo de <b>Virginia Moreno<\/b>, Relaciones Institucionales de ECOEMBES.<\/p>\n<table class=\" alignleft\" style=\"width: 100%;\" cellspacing=\"5\">\n<tbody>\n<tr style=\"height: 40px;\">\n<td style=\"background-color: #b1cb25; text-align: center; width: 123.933%; height: 40px;\" colspan=\"4\"><span style=\"font-size: 14pt;\"><b>PROGRAMA<\/b><\/span><\/td>\n<\/tr>\n<\/tbody>\n<\/table>\n<p align=\"justify\">17:00 &#8211; 17:15. \u2013 Presentaci\u00f3n del Proyecto DEGREN.<br \/>\n17:15 &#8211; 18:15. \u2013 <b>\u00abECODISE\u00d1O en envase: Dise\u00f1a para prevenir y reciclar\u00bb<\/b> El mejor residuo es el que no se produce. Por ello se debe promover que las empresas y fabricantes sean cada vez m\u00e1s sostenibles en todo lo relacionado con los envases.<br \/>\n18:15 &#8211; 18:30. \u2013 Preguntas y propuestas.<\/p>\n<table class=\" alignleft\" style=\"width: 100%;\">\n<tbody>\n<tr style=\"height: 24px;\">\n<td style=\"background-color: #b1cb25; text-align: center; width: 123.933%; height: 40px;\" colspan=\"4\"><span style=\"font-size: 14pt;\"><b>PONENTE<\/b><\/span><\/td>\n<\/tr>\n<tr style=\"height: 24px;\">\n<td style=\"width: 123.933%; text-align: center; height: 24px;\" colspan=\"4\"><\/td>\n<\/tr>\n<tr style=\"height: 48px;\">\n<td style=\"width: 11.3728%; height: 48px; vertical-align: center;padding:10px;\"><strong><img loading=\"lazy\" decoding=\"async\" class=\"alignright wp-image-4688 size-full\" src=\"http:\/\/www.degren.eu\/wp-content\/uploads\/2020\/09\/virginia_moreno.png\" alt=\"\" width=\"320\" height=\"400\" \/><\/strong><\/td>\n<td style=\"width: 102.56%; height: 48px; vertical-align: top; line-height: 24px;padding:10px;\" colspan=\"2\"><strong>Virginia Moreno Medina:<\/strong> Encargada de relaciones Institucionales Ecoembes. Siempre vinculada a las relaciones institucionales y el cuidado del medio ambiente en diferentes facetas, puestos, entornos y mercados. Enfocada en alianzas sociales en el contexto de colaboraci\u00f3n p\u00fablico \u2013privada. Licenciada en ITM, Investigaci\u00f3n, T\u00e9cnicas de Mercado y Marketing en Universidad Aut\u00f3noma de Madrid.<\/td>\n<td style=\"width: 10%; text-align: center; vertical-align: middle; height: 48px;\"><\/td>\n<\/tr>\n<\/tbody>\n<\/table>\n<form action=\"https:\/\/us02web.zoom.us\/webinar\/register\/WN_5d9mAVbGROylEbLM23dAjw\" target=\"_blank\"><input type=\"submit\" value=\"Inscr\u00edbete\" \/><\/form>","excerpt":"","slug":"ecodiseno-en-envase-disena-para-prevenir-y-reciclar-3","image":{"url":"http:\/\/www.degren.eu\/wp-content\/uploads\/2020\/09\/banner_lab_creativo_2020-2.png","id":4959,"extension":"png","width":1560,"height":556,"sizes":{"medium":{"width":300,"height":107,"mime-type":"image\/png","url":"http:\/\/www.degren.eu\/wp-content\/uploads\/2020\/09\/banner_lab_creativo_2020-2-300x107.png"},"large":{"width":1024,"height":365,"mime-type":"image\/png","url":"http:\/\/www.degren.eu\/wp-content\/uploads\/2020\/09\/banner_lab_creativo_2020-2-1024x365.png"},"thumbnail":{"width":150,"height":150,"mime-type":"image\/png","url":"http:\/\/www.degren.eu\/wp-content\/uploads\/2020\/09\/banner_lab_creativo_2020-2-150x150.png"},"medium_large":{"width":768,"height":274,"mime-type":"image\/png","url":"http:\/\/www.degren.eu\/wp-content\/uploads\/2020\/09\/banner_lab_creativo_2020-2-768x274.png"},"1536x1536":{"width":1536,"height":547,"mime-type":"image\/png","url":"http:\/\/www.degren.eu\/wp-content\/uploads\/2020\/09\/banner_lab_creativo_2020-2-1536x547.png"},"resized-978x348":{"width":978,"height":348,"mime-type":"image\/png","url":"http:\/\/www.degren.eu\/wp-content\/uploads\/2020\/09\/banner_lab_creativo_2020-2-1024x365-978x348.png"}}},"all_day":false,"start_date":"2020-10-20 17:00:00","start_date_details":{"year":"2020","month":"10","day":"20","hour":"17","minutes":"00","seconds":"00"},"end_date":"2020-10-20 17:00:00","end_date_details":{"year":"2020","month":"10","day":"20","hour":"17","minutes":"00","seconds":"00"},"utc_start_date":"2020-10-20 15:00:00","utc_start_date_details":{"year":"2020","month":"10","day":"20","hour":"15","minutes":"00","seconds":"00"},"utc_end_date":"2020-10-20 15:00:00","utc_end_date_details":{"year":"2020","month":"10","day":"20","hour":"15","minutes":"00","seconds":"00"},"timezone":"Europe\/Madrid","timezone_abbr":"CEST","cost":"","cost_details":{"currency_symbol":"","currency_code":"","currency_position":"suffix","values":[]},"website":"","show_map":true,"show_map_link":true,"hide_from_listings":false,"sticky":false,"featured":false,"categories":[],"tags":[],"venue":[],"organizer":[{"id":2239,"author":"6","status":"publish","date":"2018-01-30 17:37:48","date_utc":"2018-01-30 16:37:48","modified":"2018-01-30 17:37:48","modified_utc":"2018-01-30 16:37:48","url":"http:\/\/www.degren.eu\/?tribe_organizer=degren","organizer":"DEGREN","slug":"degren","website":"http:\/\/www.degren.eu","email":"info@degren.eu","json_ld":{"@type":"Person","name":"DEGREN","description":"","url":"http:\/\/www.degren.eu","telephone":"","email":"&#105;&#110;fo&#64;d&#101;&#103;ren.&#101;u","sameAs":"http:\/\/www.degren.eu"},"global_id":"www.degren.eu?id=2239","global_id_lineage":["www.degren.eu?id=2239"]}],"custom_fields":[],"json_ld":{"@context":"http:\/\/schema.org","@type":"Event","name":"ECODISE\u00d1O en envase: Dise\u00f1a para prevenir y reciclar","description":"&lt;p&gt;ECODISE\u00d1O en envase: Dise\u00f1a para prevenir y reciclar FECHA Y HORA: 20 de octubre de 2020 \u2013 17:00 h. Evento online via ZOOM El ecodise\u00f1o puede jugar un importante rol [&hellip;]&lt;\/p&gt;\\n","image":"http:\/\/www.degren.eu\/wp-content\/uploads\/2020\/09\/banner_lab_creativo_2020-2.png","url":"http:\/\/www.degren.eu\/?tribe_events=ecodiseno-en-envase-disena-para-prevenir-y-reciclar-3&lang=en","eventAttendanceMode":"https:\/\/schema.org\/OfflineEventAttendanceMode","eventStatus":"https:\/\/schema.org\/EventScheduled","startDate":"2020-10-20T17:00:00+02:00","endDate":"2020-10-20T17:00:00+02:00","organizer":{"@type":"Person","name":"DEGREN","description":"","url":"http:\/\/www.degren.eu","telephone":"","email":"i&#110;&#102;o&#64;&#100;&#101;gr&#101;&#110;&#46;&#101;u","sameAs":"http:\/\/www.degren.eu"},"performer":"Organization"},"is_virtual":false,"virtual_url":null,"virtual_video_source":""}