{"id":3825,"global_id":"www.degren.eu?id=3825","global_id_lineage":["www.degren.eu?id=3825"],"author":"6","status":"publish","date":"2018-12-14 09:29:34","date_utc":"2018-12-14 08:29:34","modified":"2019-03-18 14:26:15","modified_utc":"2019-03-18 13:26:15","url":"http:\/\/www.degren.eu\/?tribe_events=i-jornadas-tecnicas-de-sensibilizacao-ambiental-2&lang=pt","rest_url":"http:\/\/www.degren.eu\/index.php?rest_route=\/tribe\/events\/v1\/events\/3825","title":"I Jornadas T\u00e9cnicas de Sensibiliza\u00e7\u00e3o Ambiental","description":"<h1 style=\"text-align: center;\"><span style=\"color: #333333;\">\u00abEcodesign?\u00bb<\/span><\/h1>\n<p style=\"text-align: center;\">Aveiro, 13\/12\/2018<br \/>\n(Hotel Meli\u00e1 Ria)<\/p>\n<p>&nbsp;<\/p>\n<table class=\" alignleft\" style=\"height: 380px; width: 100%;\" cellspacing=\"5\">\n<tbody>\n<tr style=\"height: 40px;\">\n<td style=\"background-color: #b1cb25; text-align: center; width: 100%; height: 40px;\" colspan=\"4\"><span style=\"font-size: 14pt;\"><b>PROGRAMA<\/b><\/span><\/td>\n<\/tr>\n<tr style=\"height: 24px;\">\n<td style=\"width: 100%; text-align: center; height: 24px;\" colspan=\"4\"><\/td>\n<\/tr>\n<tr style=\"height: 48px;\">\n<td style=\"width: 10%; height: 48px; vertical-align: middle;\"><strong>15h00<\/strong><\/td>\n<td style=\"width: 80%; height: 48px;\" colspan=\"2\"><span style=\"color: #333333;\"><strong>Rece\u00e7\u00e3o <span style=\"color: #333333;\">dos<\/span> participantes<\/strong><\/span><\/td>\n<td style=\"width: 77%; text-align: center; vertical-align: middle; height: 48px;\"><\/td>\n<\/tr>\n<tr style=\"height: 48px;\">\n<td style=\"width: 10%; height: 48px; vertical-align: middle;\"><strong>15h10<\/strong><\/td>\n<td style=\"height: 48px;\" colspan=\"2\"><span style=\"color: #333333;\"><strong>Apresenta\u00e7\u00e3o do Projeto \u00abDEGREN &#8211; DEsign &amp; GReen ENgineering\u00bb<\/strong><\/span><br \/>\n<span style=\"color: #b1cb25;\"><strong>Victor Ferreira,<span style=\"color: #006400;\"> <\/span><em>Cluster Habitat Sustent\u00e1vel<\/em><\/strong><\/span><\/td>\n<td style=\"width: 77%; text-align: center; vertical-align: middle; height: 48px;\"><\/td>\n<\/tr>\n<tr style=\"height: 24px;\">\n<td style=\"width: 10%; height: 24px;\"><strong>15h20<\/strong><\/td>\n<td style=\"width: 80%; height: 24px;\" colspan=\"2\"><span style=\"color: #333333;\"><strong><em><span style=\"color: #333333;\">\u00abDesafios da Economia Circular \u2013 Inspirando o Ecodesign\u00bb<\/span><br \/>\n<span style=\"color: #b1cb25;\">S\u00edlvia Machado, APICER &#8211;  Associa\u00e7\u00e3o Portuguesa das Ind\u00fastrias de Cer\u00e2mica e de Cristalaria<\/span><\/em><\/strong><\/span><\/td>\n<td style=\"height: 24px;\"><\/td>\n<\/tr>\n<tr style=\"height: 48px;\">\n<td style=\"width: 10%; height: 48px; vertical-align: middle;\"><strong>15h30<\/strong><\/td>\n<td style=\"width: 80%; height: 48px;\" colspan=\"2\"><span style=\"color: #b1cb25;\"><span style=\"color: #333333;\"><strong>\u201cContributo da Avalia\u00e7\u00e3o de Ciclo de Vida de um produto para o seu Ecodesign\u201d<\/strong><\/span><br \/>\n<strong>Mar\u00edsa Almeida, <em>CTCV &#8211; Centro Tecnologico da Cer\u00e2mica e do Vidro<\/em><\/strong><\/span><\/td>\n<td style=\"width: 77%; text-align: center; vertical-align: middle; height: 48px;\"><\/td>\n<\/tr>\n<tr style=\"height: 48px;\">\n<td style=\"width: 10%; height: 48px; vertical-align: middle;\"><strong>15h40<\/strong><\/td>\n<td style=\"height: 48px;\" colspan=\"2\"><span style=\"color: #333333;\"><strong>\u201cSustentabilidade no desenvolvimento de produtos\u00bb<\/strong><\/span><br \/>\n<span style=\"color: #b1cb25;\"><strong>Alexandre Kumagai, <em>Bras\u00e3o de la Espada\/ DECA-UA<\/em><\/strong><\/span><\/td>\n<td style=\"width: 77%; text-align: center; vertical-align: middle; height: 48px;\"><\/td>\n<\/tr>\n<tr style=\"height: 24px;\">\n<td style=\"width: 10%; height: 24px;\"><strong>16h00<\/strong><\/td>\n<td style=\"height: 24px;\" colspan=\"3\"><span style=\"color: #333333;\"><strong><span style=\"color: #333333;\">Debate e <em>Networking<\/em><\/span><br \/>\n<span style=\"color: #b1cb25;\"><em>(<\/em>Moderador &#8211; Victor Ferreira, <em>Cluster Habitat Sustent\u00e1vel)<\/em><\/span><\/strong><\/span><\/td>\n<\/tr>\n<tr>\n<td style=\"width: 10%;\"><strong>16h45<br \/>\n<\/strong><\/td>\n<td style=\"width: 80%;\" colspan=\"3\"><span style=\"color: #333333;\"><strong><span style=\"color: #333333;\">Encerramento<\/span><\/strong><\/span><\/td>\n<\/tr>\n<\/tbody>\n<\/table>\n<p>&nbsp;<\/p>\n<p>&nbsp;<\/p>\n<table class=\" alignleft\" style=\"width: 100%;\" cellspacing=\"2\">\n<tbody>\n<tr style=\"height: 40px;\">\n<td style=\"width: 100%; text-align: center;\" colspan=\"3\"><span style=\"font-size: 14pt;\"><strong><a href=\"https:\/\/docs.google.com\/forms\/d\/e\/1FAIpQLScA475OTQVTI0D2WcD43SKk5HNWbxnCDTt90gNyH3I_2wyipQ\/viewform\" target=\"_blank\" rel=\"noopener noreferrer\"><img loading=\"lazy\" decoding=\"async\" class=\"aligncenter wp-image-3817 size-full\" src=\"http:\/\/www.degren.eu\/wp-content\/uploads\/2018\/12\/inscripci\u00f3n.png\" alt=\"\" width=\"411\" height=\"97\" \/><\/a><\/strong><\/span><\/td>\n<\/tr>\n<\/tbody>\n<\/table>","excerpt":"","slug":"i-jornadas-tecnicas-de-sensibilizacao-ambiental-2","image":{"url":"http:\/\/www.degren.eu\/wp-content\/uploads\/2018\/12\/banner.png","id":3818,"extension":"png","width":1120,"height":428,"sizes":{"resized-978x373":{"width":978,"height":373,"mime-type":"image\/png","url":"http:\/\/www.degren.eu\/wp-content\/uploads\/2018\/12\/banner-978x373.png"},"resized-1160x665":{"width":1160,"height":665,"mime-type":"image\/png","url":"http:\/\/www.degren.eu\/wp-content\/uploads\/2018\/12\/banner-1160x665.png"}}},"all_day":false,"start_date":"2018-12-13 15:00:00","start_date_details":{"year":"2018","month":"12","day":"13","hour":"15","minutes":"00","seconds":"00"},"end_date":"2018-12-14 16:45:00","end_date_details":{"year":"2018","month":"12","day":"14","hour":"16","minutes":"45","seconds":"00"},"utc_start_date":"2018-12-13 14:00:00","utc_start_date_details":{"year":"2018","month":"12","day":"13","hour":"14","minutes":"00","seconds":"00"},"utc_end_date":"2018-12-14 15:45:00","utc_end_date_details":{"year":"2018","month":"12","day":"14","hour":"15","minutes":"45","seconds":"00"},"timezone":"Europe\/Madrid","timezone_abbr":"CET","cost":"","cost_details":{"currency_symbol":"","currency_code":"","currency_position":"suffix","values":[]},"website":"","show_map":true,"show_map_link":true,"hide_from_listings":false,"sticky":false,"featured":false,"categories":[],"tags":[],"venue":{"id":3820,"author":"6","status":"publish","date":"2018-12-14 09:22:57","date_utc":"2018-12-14 08:22:57","modified":"2018-12-14 09:22:57","modified_utc":"2018-12-14 08:22:57","url":"http:\/\/www.degren.eu\/?tribe_venue=aveiro-hotel-melia-ria","venue":"Aveiro, Hotel Meli\u00e1 Ria","slug":"aveiro-hotel-melia-ria","address":"Cais da Fonte Nova, Lote 5","city":"Aveiro","country":"Portugal","zip":"3810-200","json_ld":{"@type":"Place","name":"Aveiro, Hotel Meli\u00e1 Ria","description":"","url":"http:\/\/www.degren.eu\/?tribe_venue=aveiro-hotel-melia-ria","address":{"@type":"PostalAddress","streetAddress":"Cais da Fonte Nova, Lote 5","addressLocality":"Aveiro","postalCode":"3810-200","addressCountry":"Portugal"},"telephone":"","sameAs":""},"show_map":true,"show_map_link":true,"global_id":"www.degren.eu?id=3820","global_id_lineage":["www.degren.eu?id=3820"]},"organizer":[{"id":2239,"author":"6","status":"publish","date":"2018-01-30 17:37:48","date_utc":"2018-01-30 16:37:48","modified":"2018-01-30 17:37:48","modified_utc":"2018-01-30 16:37:48","url":"http:\/\/www.degren.eu\/?tribe_organizer=degren","organizer":"DEGREN","slug":"degren","website":"http:\/\/www.degren.eu","email":"info@degren.eu","json_ld":{"@type":"Person","name":"DEGREN","description":"","url":"http:\/\/www.degren.eu","telephone":"","email":"&#105;nfo&#64;d&#101;g&#114;en&#46;e&#117;","sameAs":"http:\/\/www.degren.eu"},"global_id":"www.degren.eu?id=2239","global_id_lineage":["www.degren.eu?id=2239"]}],"custom_fields":[],"json_ld":{"@context":"http:\/\/schema.org","@type":"Event","name":"I Jornadas T\u00e9cnicas de Sensibiliza\u00e7\u00e3o Ambiental","description":"&lt;p&gt;&quot;Ecodesign?&quot; Aveiro, 13\/12\/2018 (Hotel Meli\u00e1 Ria) &nbsp; PROGRAMA 15h00 Rece\u00e7\u00e3o dos participantes 15h10 Apresenta\u00e7\u00e3o do Projeto &quot;DEGREN - DEsign &amp; GReen ENgineering&quot; Victor Ferreira, Cluster Habitat Sustent\u00e1vel 15h20 &quot;Desafios da [&hellip;]&lt;\/p&gt;\\n","image":"http:\/\/www.degren.eu\/wp-content\/uploads\/2018\/12\/banner.png","url":"http:\/\/www.degren.eu\/?tribe_events=i-jornadas-tecnicas-de-sensibilizacao-ambiental-2&lang=pt","eventAttendanceMode":"https:\/\/schema.org\/OfflineEventAttendanceMode","eventStatus":"https:\/\/schema.org\/EventScheduled","startDate":"2018-12-13T15:00:00+01:00","endDate":"2018-12-14T16:45:00+01:00","location":{"@type":"Place","name":"Aveiro, Hotel Meli\u00e1 Ria","description":"","url":"http:\/\/www.degren.eu\/?tribe_venue=aveiro-hotel-melia-ria","address":{"@type":"PostalAddress","streetAddress":"Cais da Fonte Nova, Lote 5","addressLocality":"Aveiro","postalCode":"3810-200","addressCountry":"Portugal"},"telephone":"","sameAs":""},"organizer":{"@type":"Person","name":"DEGREN","description":"","url":"http:\/\/www.degren.eu","telephone":"","email":"&#105;n&#102;o&#64;&#100;&#101;&#103;re&#110;&#46;&#101;&#117;","sameAs":"http:\/\/www.degren.eu"},"performer":"Organization"},"is_virtual":false,"virtual_url":null,"virtual_video_source":""}