{"id":2527,"global_id":"www.degren.eu?id=2527","global_id_lineage":["www.degren.eu?id=2527"],"author":"6","status":"publish","date":"2018-02-09 10:50:27","date_utc":"2018-02-09 09:50:27","modified":"2018-02-09 10:52:25","modified_utc":"2018-02-09 09:52:25","url":"http:\/\/www.degren.eu\/?tribe_events=2a-reuniao-de-coordenacao-do-projeto-degren-2&lang=pt","rest_url":"http:\/\/www.degren.eu\/index.php?rest_route=\/tribe\/events\/v1\/events\/2527","title":"2\u00aa Reuni\u00e3o de Coordena\u00e7\u00e3o do projeto DEGREN","description":"<hr style=\"margin-bottom: 20px;\" \/>\n<h3><strong>Agentes da zona EUROACE cooperam no projeto transfronteiri\u00e7o DEGREN &#8211; DEsign &amp; GReen ENgineering<\/strong><\/h3>\n<p style=\"text-align: justify;\">O passado dia 24 de janeiro teve lugar na Regi\u00e3o Centro a 2\u00aa Reuni\u00e3o de Coordena\u00e7\u00e3o do projeto DEGREN (DEsign &amp; GReen ENgineering), que visa a cria\u00e7\u00e3o de um Centro Transfronteiri\u00e7o de Ecodesign na regi\u00e3o EUROACE (Alentejo, Centro e Extremadura) que promova o desenvolvimento de ideias, investiga\u00e7\u00e3o e projetos na \u00e1rea do Ecodesign, e que potencie a inova\u00e7\u00e3o em diversos setores estrat\u00e9gicos da zona para favorecer a gera\u00e7\u00e3o de novos modelos de neg\u00f3cio baseados no Ecodesign e na Economia Circular.<\/p>\n<p style=\"text-align: justify;\">Nesta ocasi\u00e3o o Cluster Habitat Sustent\u00e1vel, um dos nove parceiros que integram o projeto, acolheu o resto do cons\u00f3rcio na sua delega\u00e7\u00e3o na Universidade de Aveiro.<\/p>\n<p style=\"text-align: justify;\">Durante a reuni\u00e3o foram tratados diferentes assuntos, estando alguns deles relacionados com o mapeamento de recursos e o observat\u00f3rio de Ecodesign que est\u00e1 em desenvolvimento, com programas de forma\u00e7\u00e3o a realizar durante o projeto, com eventos de sensibiliza\u00e7\u00e3o ambiental e com diferentes a\u00e7\u00f5es de comunica\u00e7\u00e3o e difus\u00e3o do projeto.<\/p>\n<p style=\"text-align: justify;\">O Projeto DEGREN: Centro Transfronteiri\u00e7o de Inova\u00e7\u00e3o Empresarial em Ecodesign da EUROACE, Design e Engenharia Verde, \u00e9 cofinanciado pelo Fundo Europeu de Desenvolvimento Regional (FEDER), atrav\u00e9s do programa INTERREG Espanha-Portugal (POCTEP) 2016-2020. Compreende um or\u00e7amento de 1.435.441,98 \u20ac aprovado pelo Comit\u00e9 de Gest\u00e3o do Programa de Coopera\u00e7\u00e3o Transfronteiri\u00e7a INTERREG V A Espanha &#8211; Portugal (POCTEP) e tem uma dura\u00e7\u00e3o estimada de 3 anos. Nele est\u00e3o envolvidas as seguintes entidades: INTROMAC &#8211; Instituto Tecnol\u00f3gico de Rocas Ornamentales y Materiales de Construcci\u00f3n (Benefici\u00e1rio Principal), ANJE &#8211; Associa\u00e7\u00e3o Nacional de Jovens Empres\u00e1rios, Cluster Habitat Sustent\u00e1vel, COIIEX &#8211; Colegio Oficial de Ingenieros Industriales de Extremadura, CTCV &#8211; Centro Tecnol\u00f3gico da Cer\u00e2mica e do Vidro, DiEX &#8211; Asociaci\u00f3n de Dise\u00f1adores de Extremadura, FUNDECYT-PCTEX &#8211; Fundaci\u00f3n Fundecyt Parque Cient\u00edfico y Tecnol\u00f3gico de Extremadura, IPLeiria \u2013 Instituto Polit\u00e9cnico de Leiria e UEX &#8211; Universidad de Extremadura.<\/p>\n<p style=\"text-align: justify;\">Encontrar\u00e1 mais informa\u00e7\u00e3o sobre o projeto na p\u00e1gina web de POCTEP atrav\u00e9s do seguinte link: <a href=\"https:\/\/goo.gl\/z7rALg\">https:\/\/goo.gl\/z7rALg<\/a> ou na p\u00e1gina web do projeto que estar\u00e1 dispon\u00edvel brevemente: <a href=\"http:\/\/www.degren.eu\">www.degren.eu<\/a>.<\/p>","excerpt":"","slug":"2a-reuniao-de-coordenacao-do-projeto-degren-2","image":{"url":"http:\/\/www.degren.eu\/wp-content\/uploads\/2017\/10\/DEGREN-24.01.2018.jpg","id":2213,"extension":"jpg","width":4023,"height":2107,"sizes":{"resized-978x512":{"width":978,"height":512,"mime-type":"image\/jpeg","url":"http:\/\/www.degren.eu\/wp-content\/uploads\/2017\/10\/DEGREN-24.01.2018-978x512.jpg"}}},"all_day":false,"start_date":"2018-01-24 08:00:00","start_date_details":{"year":"2018","month":"01","day":"24","hour":"08","minutes":"00","seconds":"00"},"end_date":"2018-01-24 17:00:00","end_date_details":{"year":"2018","month":"01","day":"24","hour":"17","minutes":"00","seconds":"00"},"utc_start_date":"2018-01-24 07:00:00","utc_start_date_details":{"year":"2018","month":"01","day":"24","hour":"07","minutes":"00","seconds":"00"},"utc_end_date":"2018-01-24 16:00:00","utc_end_date_details":{"year":"2018","month":"01","day":"24","hour":"16","minutes":"00","seconds":"00"},"timezone":"Europe\/Madrid","timezone_abbr":"CET","cost":"","cost_details":{"currency_symbol":"","currency_code":"","currency_position":"suffix","values":[]},"website":"","show_map":true,"show_map_link":true,"hide_from_listings":false,"sticky":false,"featured":false,"categories":[],"tags":[],"venue":{"id":2238,"author":"6","status":"publish","date":"2018-01-30 17:37:47","date_utc":"2018-01-30 16:37:47","modified":"2018-01-30 17:37:47","modified_utc":"2018-01-30 16:37:47","url":"http:\/\/www.degren.eu\/?tribe_venue=region-centro-de-portugal","venue":"Regi\u00f3n Centro de Portugal","slug":"region-centro-de-portugal","country":"Portugal","json_ld":{"@type":"Place","name":"Regi\u00f3n Centro de Portugal","description":"","url":"http:\/\/www.degren.eu\/?tribe_venue=region-centro-de-portugal","address":{"@type":"PostalAddress","addressCountry":"Portugal"},"telephone":"","sameAs":""},"show_map":true,"show_map_link":true,"global_id":"www.degren.eu?id=2238","global_id_lineage":["www.degren.eu?id=2238"]},"organizer":[{"id":2239,"author":"6","status":"publish","date":"2018-01-30 17:37:48","date_utc":"2018-01-30 16:37:48","modified":"2018-01-30 17:37:48","modified_utc":"2018-01-30 16:37:48","url":"http:\/\/www.degren.eu\/?tribe_organizer=degren","organizer":"DEGREN","slug":"degren","website":"http:\/\/www.degren.eu","email":"info@degren.eu","json_ld":{"@type":"Person","name":"DEGREN","description":"","url":"http:\/\/www.degren.eu","telephone":"","email":"&#105;&#110;f&#111;&#64;&#100;&#101;gr&#101;n.&#101;u","sameAs":"http:\/\/www.degren.eu"},"global_id":"www.degren.eu?id=2239","global_id_lineage":["www.degren.eu?id=2239"]}],"custom_fields":[],"json_ld":{"@context":"http:\/\/schema.org","@type":"Event","name":"2\u00aa Reuni\u00e3o de Coordena\u00e7\u00e3o do projeto DEGREN","description":"&lt;p&gt;Agentes da zona EUROACE cooperam no projeto transfronteiri\u00e7o DEGREN - DEsign &amp; GReen ENgineering O passado dia 24 de janeiro teve lugar na Regi\u00e3o Centro a 2\u00aa Reuni\u00e3o de Coordena\u00e7\u00e3o [&hellip;]&lt;\/p&gt;\\n","image":"http:\/\/www.degren.eu\/wp-content\/uploads\/2017\/10\/DEGREN-24.01.2018.jpg","url":"http:\/\/www.degren.eu\/?tribe_events=2a-reuniao-de-coordenacao-do-projeto-degren-2&lang=pt","eventAttendanceMode":"https:\/\/schema.org\/OfflineEventAttendanceMode","eventStatus":"https:\/\/schema.org\/EventScheduled","startDate":"2018-01-24T08:00:00+01:00","endDate":"2018-01-24T17:00:00+01:00","location":{"@type":"Place","name":"Regi\u00f3n Centro de Portugal","description":"","url":"http:\/\/www.degren.eu\/?tribe_venue=region-centro-de-portugal","address":{"@type":"PostalAddress","addressCountry":"Portugal"},"telephone":"","sameAs":""},"organizer":{"@type":"Person","name":"DEGREN","description":"","url":"http:\/\/www.degren.eu","telephone":"","email":"in&#102;o&#64;de&#103;&#114;&#101;n&#46;eu","sameAs":"http:\/\/www.degren.eu"},"performer":"Organization"},"is_virtual":false,"virtual_url":null,"virtual_video_source":""}