{"id":2519,"global_id":"www.degren.eu?id=2519","global_id_lineage":["www.degren.eu?id=2519"],"author":"6","status":"publish","date":"2018-02-09 10:41:42","date_utc":"2018-02-09 09:41:42","modified":"2018-02-09 10:41:42","modified_utc":"2018-02-09 09:41:42","url":"http:\/\/www.degren.eu\/?tribe_events=arranque-do-projeto-kick-off-meeting-do-projeto-en-coimbra&lang=pt","rest_url":"http:\/\/www.degren.eu\/index.php?rest_route=\/tribe\/events\/v1\/events\/2519","title":"Arranque do projeto: Kick off meeting do projeto en Coimbra","description":"<hr style=\"margin-bottom: 20px;\" \/>\n<h3><strong>Intromac Centro Tecnol\u00f3gico, liderou como principal benefici\u00e1rio a reuni\u00e3o de lan\u00e7amento do projeto Degren realizado na cidade portuguesa de Coimbra.<\/strong><\/h3>\n<p style=\"text-align: justify;\">A 20 de junho de 2017, teve lugar na cidade lusa de Coimbra a reuni\u00e3o de arranque do projeto, liderada pelo Benefici\u00e1rio Principal INTROMAC &#8211; Instituto Tecnol\u00f3gico de Rocas Ornamentales y Materiales de Construcci\u00f3n.<\/p>\n<p style=\"text-align: justify;\">A reuni\u00e3o come\u00e7ou com uma breve troca de impress\u00f5es, de maneira a melhor entender as expectativas de cada benefici\u00e1rio relativamente ao novo projeto e com o enquadramento do mesmo no Programa de Coopera\u00e7\u00e3o Transfronteira INTERREG V \u2013 A.<\/p>\n<p style=\"text-align: justify;\">Realizou-se uma revis\u00e3o do plano de trabalho, analisando todas as atividades a serem desenvolvidas ao longo do projeto, havendo tamb\u00e9m um momento destinado a resolver qualquer tipo de d\u00favida levantada durante a reuni\u00e3o.<\/p>\n<p style=\"text-align: justify;\">Finalmente, e aproveitando o facto da reuni\u00e3o ter sido realizada na sede do benefici\u00e1rio da CTCV &#8211; Centro Tecnol\u00f3gico da Cer\u00e2mica e do Vidro, foi organizada uma visita \u00e0s instala\u00e7\u00f5es do parceiro.<\/p>","excerpt":"","slug":"arranque-do-projeto-kick-off-meeting-do-projeto-en-coimbra","image":{"url":"http:\/\/www.degren.eu\/wp-content\/uploads\/2018\/01\/agenda_lanzamiento2.jpg","id":2021,"extension":"jpg","width":1600,"height":1200,"sizes":{"resized-978x733":{"width":978,"height":733,"mime-type":"image\/jpeg","url":"http:\/\/www.degren.eu\/wp-content\/uploads\/2018\/01\/agenda_lanzamiento2-978x733.jpg"}}},"all_day":false,"start_date":"2017-06-20 08:00:00","start_date_details":{"year":"2017","month":"06","day":"20","hour":"08","minutes":"00","seconds":"00"},"end_date":"2017-06-20 17:00:00","end_date_details":{"year":"2017","month":"06","day":"20","hour":"17","minutes":"00","seconds":"00"},"utc_start_date":"2017-06-20 06:00:00","utc_start_date_details":{"year":"2017","month":"06","day":"20","hour":"06","minutes":"00","seconds":"00"},"utc_end_date":"2017-06-20 15:00:00","utc_end_date_details":{"year":"2017","month":"06","day":"20","hour":"15","minutes":"00","seconds":"00"},"timezone":"Europe\/Madrid","timezone_abbr":"CEST","cost":"","cost_details":{"currency_symbol":"","currency_code":"","currency_position":"suffix","values":[]},"website":"","show_map":true,"show_map_link":true,"hide_from_listings":false,"sticky":false,"featured":false,"categories":[],"tags":[],"venue":{"id":2300,"author":"6","status":"publish","date":"2018-01-31 10:42:13","date_utc":"2018-01-31 09:42:13","modified":"2018-01-31 10:42:13","modified_utc":"2018-01-31 09:42:13","url":"http:\/\/www.degren.eu\/?tribe_venue=centro-tecnologico-da-ceramica-e-do-vidro-ctcv","venue":"Centro Tecnol\u00f3gico da Cer\u00e2mica e do Vidro (CTCV)","slug":"centro-tecnologico-da-ceramica-e-do-vidro-ctcv","address":"Rua Coronel Veiga Sim\u00e3o","city":"Coimbra","country":"Portugal","geo_lat":40.2281176,"geo_lng":-8.4407789,"json_ld":{"@type":"Place","name":"Centro Tecnol\u00f3gico da Cer\u00e2mica e do Vidro (CTCV)","description":"","url":"http:\/\/www.degren.eu\/?tribe_venue=centro-tecnologico-da-ceramica-e-do-vidro-ctcv","address":{"@type":"PostalAddress","streetAddress":"Rua Coronel Veiga Sim\u00e3o","addressLocality":"Coimbra","addressCountry":"Portugal"},"geo":{"@type":"GeoCoordinates","latitude":40.2281176,"longitude":-8.4407789},"telephone":"","sameAs":""},"show_map":true,"show_map_link":true,"global_id":"www.degren.eu?id=2300","global_id_lineage":["www.degren.eu?id=2300"]},"organizer":[{"id":2239,"author":"6","status":"publish","date":"2018-01-30 17:37:48","date_utc":"2018-01-30 16:37:48","modified":"2018-01-30 17:37:48","modified_utc":"2018-01-30 16:37:48","url":"http:\/\/www.degren.eu\/?tribe_organizer=degren","organizer":"DEGREN","slug":"degren","website":"http:\/\/www.degren.eu","email":"info@degren.eu","json_ld":{"@type":"Person","name":"DEGREN","description":"","url":"http:\/\/www.degren.eu","telephone":"","email":"inf&#111;&#64;&#100;&#101;gren&#46;e&#117;","sameAs":"http:\/\/www.degren.eu"},"global_id":"www.degren.eu?id=2239","global_id_lineage":["www.degren.eu?id=2239"]}],"custom_fields":[],"json_ld":{"@context":"http:\/\/schema.org","@type":"Event","name":"Arranque do projeto: Kick off meeting do projeto en Coimbra","description":"&lt;p&gt;Intromac Centro Tecnol\u00f3gico, liderou como principal benefici\u00e1rio a reuni\u00e3o de lan\u00e7amento do projeto Degren realizado na cidade portuguesa de Coimbra. A 20 de junho de 2017, teve lugar na cidade [&hellip;]&lt;\/p&gt;\\n","image":"http:\/\/www.degren.eu\/wp-content\/uploads\/2018\/01\/agenda_lanzamiento2.jpg","url":"http:\/\/www.degren.eu\/?tribe_events=arranque-do-projeto-kick-off-meeting-do-projeto-en-coimbra&lang=pt","eventAttendanceMode":"https:\/\/schema.org\/OfflineEventAttendanceMode","eventStatus":"https:\/\/schema.org\/EventScheduled","startDate":"2017-06-20T08:00:00+02:00","endDate":"2017-06-20T17:00:00+02:00","location":{"@type":"Place","name":"Centro Tecnol\u00f3gico da Cer\u00e2mica e do Vidro (CTCV)","description":"","url":"http:\/\/www.degren.eu\/?tribe_venue=centro-tecnologico-da-ceramica-e-do-vidro-ctcv","address":{"@type":"PostalAddress","streetAddress":"Rua Coronel Veiga Sim\u00e3o","addressLocality":"Coimbra","addressCountry":"Portugal"},"geo":{"@type":"GeoCoordinates","latitude":40.2281176,"longitude":-8.4407789},"telephone":"","sameAs":""},"organizer":{"@type":"Person","name":"DEGREN","description":"","url":"http:\/\/www.degren.eu","telephone":"","email":"&#105;&#110;&#102;o&#64;&#100;e&#103;re&#110;&#46;eu","sameAs":"http:\/\/www.degren.eu"},"performer":"Organization"},"is_virtual":false,"virtual_url":null,"virtual_video_source":""}