{"id":2297,"global_id":"www.degren.eu?id=2297","global_id_lineage":["www.degren.eu?id=2297"],"author":"6","status":"publish","date":"2018-01-31 10:42:12","date_utc":"2018-01-31 09:42:12","modified":"2018-02-09 10:37:03","modified_utc":"2018-02-09 09:37:03","url":"http:\/\/www.degren.eu\/?tribe_events=lanzamiento-del-proyecto-kick-off-meeting-del-proyecto-en-coimbra","rest_url":"http:\/\/www.degren.eu\/index.php?rest_route=\/tribe\/events\/v1\/events\/2297","title":"Lanzamiento del proyecto: Kick off meeting del proyecto en Coimbra","description":"<hr style=\"margin-bottom: 20px;\" \/>\n<h3><strong>Intromac Centro Tecnol\u00f3gico, lider\u00f3 como Beneficiario Principal la reuni\u00f3n de lanzamiento del proyecto Degren celebrada en la ciudad lusa de Coimbra.<\/strong><\/h3>\n<p style=\"text-align: justify;\">El 20 de junio de 2017, tuvo lugar en la ciudad lusa de Coimbra la reuni\u00f3n de lanzamiento del proyecto, liderada por el Beneficiario Principal INTROMAC &#8211; Instituto Tecnol\u00f3gico de Rocas Ornamentales y Materiales de Construcci\u00f3n.<\/p>\n<p style=\"text-align: justify;\">La reuni\u00f3n comenz\u00f3 con un intercambio de opiniones sobre las expectativas de cada beneficiario respecto al proyecto y con el encuadre del mismo en el Programa de Cooperaci\u00f3n Transfronteriza INTERREG V \u2013 A.<\/p>\n<p style=\"text-align: justify;\">Se llev\u00f3 a cabo una revisi\u00f3n del plan de trabajo, pasando por todas y cada una de las actividades a desarrollar a lo largo del proyecto, y tambi\u00e9n hubo un momento destinado a resolver cualquier tipo de duda surgida durante la reuni\u00f3n.<\/p>\n<p style=\"text-align: justify;\">Por \u00faltimo, y aprovechando que la reuni\u00f3n se celebraba en la sede del beneficiario CTCV &#8211; Centro Tecnol\u00f3gico da Cer\u00e2mica e do Vidro, se organiz\u00f3 una visita a las instalaciones.<\/p>","excerpt":"","slug":"lanzamiento-del-proyecto-kick-off-meeting-del-proyecto-en-coimbra","image":{"url":"http:\/\/www.degren.eu\/wp-content\/uploads\/2018\/01\/agenda_lanzamiento2.jpg","id":2021,"extension":"jpg","width":1600,"height":1200,"sizes":{"resized-978x733":{"width":978,"height":733,"mime-type":"image\/jpeg","url":"http:\/\/www.degren.eu\/wp-content\/uploads\/2018\/01\/agenda_lanzamiento2-978x733.jpg"}}},"all_day":false,"start_date":"2017-06-20 08:00:00","start_date_details":{"year":"2017","month":"06","day":"20","hour":"08","minutes":"00","seconds":"00"},"end_date":"2017-06-20 17:00:00","end_date_details":{"year":"2017","month":"06","day":"20","hour":"17","minutes":"00","seconds":"00"},"utc_start_date":"2017-06-20 06:00:00","utc_start_date_details":{"year":"2017","month":"06","day":"20","hour":"06","minutes":"00","seconds":"00"},"utc_end_date":"2017-06-20 15:00:00","utc_end_date_details":{"year":"2017","month":"06","day":"20","hour":"15","minutes":"00","seconds":"00"},"timezone":"Europe\/Madrid","timezone_abbr":"CEST","cost":"","cost_details":{"currency_symbol":"","currency_code":"","currency_position":"suffix","values":[]},"website":"","show_map":true,"show_map_link":true,"hide_from_listings":false,"sticky":false,"featured":false,"categories":[],"tags":[],"venue":{"id":2301,"author":"6","status":"publish","date":"2018-01-31 10:42:13","date_utc":"2018-01-31 09:42:13","modified":"2018-01-31 10:42:13","modified_utc":"2018-01-31 09:42:13","url":"http:\/\/www.degren.eu\/?tribe_venue=centro-tecnologico-da-ceramica-e-do-vidro-ctcv-2","venue":"Centro Tecnol\u00f3gico da Cer\u00e2mica e do Vidro (CTCV)","slug":"centro-tecnologico-da-ceramica-e-do-vidro-ctcv-2","address":"Rua Coronel Veiga Sim\u00e3o","city":"Coimbra","country":"Portugal","geo_lat":40.2281176,"geo_lng":-8.4407789,"json_ld":{"@type":"Place","name":"Centro Tecnol\u00f3gico da Cer\u00e2mica e do Vidro (CTCV)","description":"","url":"http:\/\/www.degren.eu\/?tribe_venue=centro-tecnologico-da-ceramica-e-do-vidro-ctcv-2","address":{"@type":"PostalAddress","streetAddress":"Rua Coronel Veiga Sim\u00e3o","addressLocality":"Coimbra","addressCountry":"Portugal"},"geo":{"@type":"GeoCoordinates","latitude":40.2281176,"longitude":-8.4407789},"telephone":"","sameAs":""},"show_map":true,"show_map_link":true,"global_id":"www.degren.eu?id=2301","global_id_lineage":["www.degren.eu?id=2301"]},"organizer":[{"id":2239,"author":"6","status":"publish","date":"2018-01-30 17:37:48","date_utc":"2018-01-30 16:37:48","modified":"2018-01-30 17:37:48","modified_utc":"2018-01-30 16:37:48","url":"http:\/\/www.degren.eu\/?tribe_organizer=degren","organizer":"DEGREN","slug":"degren","website":"http:\/\/www.degren.eu","email":"info@degren.eu","json_ld":{"@type":"Person","name":"DEGREN","description":"","url":"http:\/\/www.degren.eu","telephone":"","email":"i&#110;&#102;&#111;&#64;&#100;egr&#101;n.e&#117;","sameAs":"http:\/\/www.degren.eu"},"global_id":"www.degren.eu?id=2239","global_id_lineage":["www.degren.eu?id=2239"]}],"custom_fields":[],"json_ld":{"@context":"http:\/\/schema.org","@type":"Event","name":"Lanzamiento del proyecto: Kick off meeting del proyecto en Coimbra","description":"&lt;p&gt;Intromac Centro Tecnol\u00f3gico, lider\u00f3 como Beneficiario Principal la reuni\u00f3n de lanzamiento del proyecto Degren celebrada en la ciudad lusa de Coimbra. El 20 de junio de 2017, tuvo lugar en [&hellip;]&lt;\/p&gt;\\n","image":"http:\/\/www.degren.eu\/wp-content\/uploads\/2018\/01\/agenda_lanzamiento2.jpg","url":"http:\/\/www.degren.eu\/?tribe_events=lanzamiento-del-proyecto-kick-off-meeting-del-proyecto-en-coimbra","eventAttendanceMode":"https:\/\/schema.org\/OfflineEventAttendanceMode","eventStatus":"https:\/\/schema.org\/EventScheduled","startDate":"2017-06-20T08:00:00+02:00","endDate":"2017-06-20T17:00:00+02:00","location":{"@type":"Place","name":"Centro Tecnol\u00f3gico da Cer\u00e2mica e do Vidro (CTCV)","description":"","url":"http:\/\/www.degren.eu\/?tribe_venue=centro-tecnologico-da-ceramica-e-do-vidro-ctcv-2","address":{"@type":"PostalAddress","streetAddress":"Rua Coronel Veiga Sim\u00e3o","addressLocality":"Coimbra","addressCountry":"Portugal"},"geo":{"@type":"GeoCoordinates","latitude":40.2281176,"longitude":-8.4407789},"telephone":"","sameAs":""},"organizer":{"@type":"Person","name":"DEGREN","description":"","url":"http:\/\/www.degren.eu","telephone":"","email":"&#105;&#110;f&#111;&#64;d&#101;&#103;r&#101;n&#46;eu","sameAs":"http:\/\/www.degren.eu"},"performer":"Organization"},"is_virtual":false,"virtual_url":null,"virtual_video_source":""}