{"id":2236,"global_id":"www.degren.eu?id=2236","global_id_lineage":["www.degren.eu?id=2236"],"author":"6","status":"publish","date":"2018-01-30 17:37:47","date_utc":"2018-01-30 16:37:47","modified":"2018-02-09 10:49:13","modified_utc":"2018-02-09 09:49:13","url":"http:\/\/www.degren.eu\/?tribe_events=2a-reunion-de-coordinacion-degren","rest_url":"http:\/\/www.degren.eu\/index.php?rest_route=\/tribe\/events\/v1\/events\/2236","title":"2\u00aa Reuni\u00f3n de coordinaci\u00f3n DEGREN","description":"<hr style=\"margin-bottom: 20px;\" \/>\n<h3><strong>Agentes de la zona EUROACE cooperan en un proyecto transfronterizo llamado DEGREN &#8211; DEsign &amp; GReen ENgineering<\/strong><\/h3>\n<p style=\"text-align: justify;\">El pasado 24 de enero tuvo lugar en la Regi\u00f3n Centro de Portugal<!--more--> la 2\u00aa Reuni\u00f3n de Coordinaci\u00f3n del proyecto DEGREN (DEsign &amp; GReen ENgineering), que tiene por objetivo la creaci\u00f3n de un Centro Transfronterizo de Ecodise\u00f1o en la Regi\u00f3n EUROACE (Alentejo, Centro e Extremadura) que promueva el desarrollo de ideas, investigaciones y actuaciones en el \u00e1rea del Ecodise\u00f1o, y que potencie la innovaci\u00f3n aplicada en los sectores estrat\u00e9gicos de la zona para favorecer la generaci\u00f3n de modelos de negocio basados en el Ecodise\u00f1o y la Econom\u00eda Circular.<\/p>\n<p style=\"text-align: justify;\">En esta ocasi\u00f3n fue el Cluster Habitat Sustent\u00e1vel, uno de los nueve beneficiarios que integran este proyecto, quien acogi\u00f3 al resto del consorcio en su delegaci\u00f3n en la Universidad de Aveiro.<\/p>\n<p style=\"text-align: justify;\">Durante la reuni\u00f3n fueron abordados asuntos de diferente \u00edndole, estando algunos de ellos relacionados con el mapeo de recursos y el observatorio de Ecodise\u00f1o que se est\u00e1 llevando a cabo, con programas de formaci\u00f3n que se impartir\u00e1n durante el proyecto, con eventos de sensibilizaci\u00f3n ambiental y con diferentes acciones de comunicaci\u00f3n y difusi\u00f3n del proyecto.<\/p>\n<p style=\"text-align: justify;\">El proyecto DEGREN: Centro Transfronterizo de Innovaci\u00f3n empresarial en Ecodise\u00f1o en la EUROACE: DEsign&amp;GReen ENgineering, est\u00e1 cofinanciado por el Fondo Europeo de Desarrollo Regional (FEDER) a trav\u00e9s del Programa INTERREG ESPA\u00d1A &#8211; PORTUGAL (POCTEP) 2016-2020. Cuenta con un presupuesto de 1.435.441,98 \u20ac aprobado por el Comit\u00e9 de Gesti\u00f3n del Programa de Cooperaci\u00f3n Transfronteriza INTERREG V A Espa\u00f1a Portugal (POCTEP) y tiene una duraci\u00f3n de 3 a\u00f1os. En \u00e9l participan los siguientes beneficiarios: INTROMAC -Instituto Tecnol\u00f3gico de Rocas Ornamentales y Materiales de Construcci\u00f3n (Beneficiario Principal), ANJE &#8211; Associa\u00e7\u00e3o Nacional de Jovens Empres\u00e1rios, Cluster Habitat Sustent\u00e1vel, COIIEX &#8211; Colegio Oficial de Ingenieros Industriales de Extremadura, CTCV &#8211; Centro Tecnol\u00f3gico da Cer\u00e2mica e do Vidro, DiEX &#8211; Asociaci\u00f3n de Dise\u00f1adores de Extremadura, FUNDECYT-PCTEX \u2013 Fundaci\u00f3n Fundecyt Parque Cient\u00edfico y Tecnol\u00f3gico de Extremadura, IPLeiria \u2013 Instituto Polit\u00e9cnico de Leiria y UEX &#8211; Universidad de Extremadura.<\/p>\n<p style=\"text-align: justify;\">Encontrar\u00e1 m\u00e1s informaci\u00f3n sobre este proyecto en la p\u00e1gina web de POCTEP a trav\u00e9s del siguiente link: <a href=\"https:\/\/goo.gl\/z7rALg\">https:\/\/goo.gl\/z7rALg<\/a> o en la p\u00e1gina web del proyecto que estar\u00e1 disponible pr\u00f3ximamente: <a href=\"http:\/\/www.degren.eu\">www.degren.eu<\/a>.<\/p>","excerpt":"","slug":"2a-reunion-de-coordinacion-degren","image":{"url":"http:\/\/www.degren.eu\/wp-content\/uploads\/2017\/10\/DEGREN-24.01.2018.jpg","id":2213,"extension":"jpg","width":4023,"height":2107,"sizes":{"resized-978x512":{"width":978,"height":512,"mime-type":"image\/jpeg","url":"http:\/\/www.degren.eu\/wp-content\/uploads\/2017\/10\/DEGREN-24.01.2018-978x512.jpg"}}},"all_day":false,"start_date":"2018-01-24 08:00:00","start_date_details":{"year":"2018","month":"01","day":"24","hour":"08","minutes":"00","seconds":"00"},"end_date":"2018-01-24 17:00:00","end_date_details":{"year":"2018","month":"01","day":"24","hour":"17","minutes":"00","seconds":"00"},"utc_start_date":"2018-01-24 07:00:00","utc_start_date_details":{"year":"2018","month":"01","day":"24","hour":"07","minutes":"00","seconds":"00"},"utc_end_date":"2018-01-24 16:00:00","utc_end_date_details":{"year":"2018","month":"01","day":"24","hour":"16","minutes":"00","seconds":"00"},"timezone":"Europe\/Madrid","timezone_abbr":"CET","cost":"","cost_details":{"currency_symbol":"","currency_code":"","currency_position":"suffix","values":[]},"website":"","show_map":false,"show_map_link":false,"hide_from_listings":false,"sticky":false,"featured":false,"categories":[],"tags":[],"venue":{"id":2238,"author":"6","status":"publish","date":"2018-01-30 17:37:47","date_utc":"2018-01-30 16:37:47","modified":"2018-01-30 17:37:47","modified_utc":"2018-01-30 16:37:47","url":"http:\/\/www.degren.eu\/?tribe_venue=region-centro-de-portugal","venue":"Regi\u00f3n Centro de Portugal","slug":"region-centro-de-portugal","country":"Portugal","json_ld":{"@type":"Place","name":"Regi\u00f3n Centro de Portugal","description":"","url":"http:\/\/www.degren.eu\/?tribe_venue=region-centro-de-portugal","address":{"@type":"PostalAddress","addressCountry":"Portugal"},"telephone":"","sameAs":""},"show_map":true,"show_map_link":true,"global_id":"www.degren.eu?id=2238","global_id_lineage":["www.degren.eu?id=2238"]},"organizer":[{"id":2239,"author":"6","status":"publish","date":"2018-01-30 17:37:48","date_utc":"2018-01-30 16:37:48","modified":"2018-01-30 17:37:48","modified_utc":"2018-01-30 16:37:48","url":"http:\/\/www.degren.eu\/?tribe_organizer=degren","organizer":"DEGREN","slug":"degren","website":"http:\/\/www.degren.eu","email":"info@degren.eu","json_ld":{"@type":"Person","name":"DEGREN","description":"","url":"http:\/\/www.degren.eu","telephone":"","email":"i&#110;&#102;o&#64;degren&#46;eu","sameAs":"http:\/\/www.degren.eu"},"global_id":"www.degren.eu?id=2239","global_id_lineage":["www.degren.eu?id=2239"]}],"custom_fields":[],"json_ld":{"@context":"http:\/\/schema.org","@type":"Event","name":"2\u00aa Reuni\u00f3n de coordinaci\u00f3n DEGREN","description":"&lt;p&gt;Agentes de la zona EUROACE cooperan en un proyecto transfronterizo llamado DEGREN - DEsign &amp; GReen ENgineering El pasado 24 de enero tuvo lugar en la Regi\u00f3n Centro de Portugal [&hellip;]&lt;\/p&gt;\\n","image":"http:\/\/www.degren.eu\/wp-content\/uploads\/2017\/10\/DEGREN-24.01.2018.jpg","url":"http:\/\/www.degren.eu\/?tribe_events=2a-reunion-de-coordinacion-degren","eventAttendanceMode":"https:\/\/schema.org\/OfflineEventAttendanceMode","eventStatus":"https:\/\/schema.org\/EventScheduled","startDate":"2018-01-24T08:00:00+01:00","endDate":"2018-01-24T17:00:00+01:00","location":{"@type":"Place","name":"Regi\u00f3n Centro de Portugal","description":"","url":"http:\/\/www.degren.eu\/?tribe_venue=region-centro-de-portugal","address":{"@type":"PostalAddress","addressCountry":"Portugal"},"telephone":"","sameAs":""},"organizer":{"@type":"Person","name":"DEGREN","description":"","url":"http:\/\/www.degren.eu","telephone":"","email":"&#105;n&#102;&#111;&#64;&#100;e&#103;r&#101;n&#46;e&#117;","sameAs":"http:\/\/www.degren.eu"},"performer":"Organization"},"is_virtual":false,"virtual_url":null,"virtual_video_source":""}